{"id":133,"date":"2016-01-01T00:00:58","date_gmt":"2015-12-31T23:00:58","guid":{"rendered":"http:\/\/localhost:8888\/wordpress\/?p=107"},"modified":"2016-04-05T20:47:36","modified_gmt":"2016-04-05T18:47:36","slug":"beitrag-4","status":"publish","type":"post","link":"http:\/\/www.juliewolff.de\/index.php\/2016\/01\/01\/beitrag-4\/","title":{"rendered":"Neujahrskonzert und Website Relaunch"},"content":{"rendered":"<p><img loading=\"lazy\" class=\"alignnone  wp-image-99\" src=\"http:\/\/www.juliewolff.de\/wp-content\/uploads\/2015\/12\/Juliane_Maria_Wolff_TRAUMBOOT_1-150x150.jpg\" alt=\"Juliane_Maria_Wolff_TRAUMBOOT_1\" width=\"500\" height=\"500\" srcset=\"http:\/\/www.juliewolff.de\/wp-content\/uploads\/2015\/12\/Juliane_Maria_Wolff_TRAUMBOOT_1-150x150.jpg 150w, http:\/\/www.juliewolff.de\/wp-content\/uploads\/2015\/12\/Juliane_Maria_Wolff_TRAUMBOOT_1-432x432.jpg 432w, http:\/\/www.juliewolff.de\/wp-content\/uploads\/2015\/12\/Juliane_Maria_Wolff_TRAUMBOOT_1-268x268.jpg 268w\" sizes=\"(max-width: 500px) 100vw, 500px\" \/><\/p>\n<p>&nbsp;<\/p>\n<p><strong><span class=\"s1\">Liebe Freunde, Kollegen und Interessierte.<\/span><\/strong><\/p>\n<p>&nbsp;<\/p>\n<p><span class=\"s1\">Da ist sie endlich\u2026<\/span><span class=\"s1\">Ich freue mich riesig, dass meine neue Webseite online ist!!!<\/span><\/p>\n<p>&nbsp;<\/p>\n<p><em><span class=\"s1\">DANKE an Sebastian Geyer.<\/span><\/em><\/p>\n<p>&nbsp;<\/p>\n<p><span class=\"s1\">In den n\u00e4chsten Wochen wird noch das ein oder andere bearbeitet, ausgetauscht und dazugebastelt.<\/span><\/p>\n<p><span class=\"s1\">Ich w\u00fcnsche Euch allen ein tolles, gesundes und erfolgreiches neues Jahr 2016 und m\u00f6chte Euch hiermit gerne zum NeujahrsKonzert in die Philharmonie einladen.<\/span><\/p>\n<p>&nbsp;<\/p>\n<p><span class=\"s1\">1. Januar 2016,\u00a0<\/span><span class=\"s1\">20 Uhr im Kammermusiksaal der Philharmonie\u00a0<\/span><\/p>\n<p class=\"p3\"><span class=\"s2\"><a href=\"http:\/\/www.berliner-philharmoniker.de\/konzerte\/kalender\/details\/22997\/\" target=\"_blank\">http:\/\/www.berliner-philharmoniker.de\/konzerte\/kalender\/details\/22997\/<\/a><\/span><\/p>\n<p>&nbsp;<\/p>\n<p><span class=\"s1\">Es ist schon fast ausverkauft, aber es gibt noch Karten an der Abendkasse.<br \/>\n<\/span><span class=\"s1\">Rutscht gut rein!<\/span><\/p>\n<p>&nbsp;<\/p>\n<p>&nbsp;<\/p>\n<p><span class=\"s1\">Alles Liebe,<br \/>\n<\/span><span class=\"s1\">Eure Julie<\/span><\/p>\n<p>&nbsp;<\/p>\n","protected":false},"excerpt":{"rendered":"<p>&nbsp; Liebe Freunde, Kollegen und Interessierte. &nbsp; Da ist sie endlich\u2026Ich freue mich riesig, dass meine neue Webseite online ist!!! &nbsp; DANKE an Sebastian Geyer. &nbsp; In den n\u00e4chsten Wochen wird noch das ein oder andere bearbeitet, ausgetauscht und dazugebastelt. Ich w\u00fcnsche Euch allen ein tolles, gesundes und erfolgreiches neues Jahr 2016 und m\u00f6chte Euch [&hellip;]<\/p>\n","protected":false},"author":3,"featured_media":0,"comment_status":"open","ping_status":"open","sticky":false,"template":"","format":"standard","meta":[],"categories":[5],"tags":[],"_links":{"self":[{"href":"http:\/\/www.juliewolff.de\/index.php\/wp-json\/wp\/v2\/posts\/133"}],"collection":[{"href":"http:\/\/www.juliewolff.de\/index.php\/wp-json\/wp\/v2\/posts"}],"about":[{"href":"http:\/\/www.juliewolff.de\/index.php\/wp-json\/wp\/v2\/types\/post"}],"author":[{"embeddable":true,"href":"http:\/\/www.juliewolff.de\/index.php\/wp-json\/wp\/v2\/users\/3"}],"replies":[{"embeddable":true,"href":"http:\/\/www.juliewolff.de\/index.php\/wp-json\/wp\/v2\/comments?post=133"}],"version-history":[{"count":2,"href":"http:\/\/www.juliewolff.de\/index.php\/wp-json\/wp\/v2\/posts\/133\/revisions"}],"predecessor-version":[{"id":188,"href":"http:\/\/www.juliewolff.de\/index.php\/wp-json\/wp\/v2\/posts\/133\/revisions\/188"}],"wp:attachment":[{"href":"http:\/\/www.juliewolff.de\/index.php\/wp-json\/wp\/v2\/media?parent=133"}],"wp:term":[{"taxonomy":"category","embeddable":true,"href":"http:\/\/www.juliewolff.de\/index.php\/wp-json\/wp\/v2\/categories?post=133"},{"taxonomy":"post_tag","embeddable":true,"href":"http:\/\/www.juliewolff.de\/index.php\/wp-json\/wp\/v2\/tags?post=133"}],"curies":[{"name":"wp","href":"https:\/\/api.w.org\/{rel}","templated":true}]}}